[{"@context":"https:\/\/schema.org\/","@type":"Article","@id":"https:\/\/www.stykr.cz\/mikiny-pro-radu-prilezitosti\/#Article","mainEntityOfPage":"https:\/\/www.stykr.cz\/mikiny-pro-radu-prilezitosti\/","headline":"Mikiny pro \u0159adu p\u0159\u00edle\u017eitost\u00ed","name":"Mikiny pro \u0159adu p\u0159\u00edle\u017eitost\u00ed","description":"Nav\u0161tivte nab\u00eddku oble\u010den\u00ed pro mu\u017ee, konkr\u00e9tn\u011b tedy p\u00e1nsk\u00e9 mikiny, od jednoho z nejv\u011bt\u0161\u00edch v\u00fdrobc\u016f a distributor\u016f v \u010cesk\u00e9 republice, kter\u00fd je zam\u011b\u0159en\u00fd na firemn\u00ed a reklamn\u00ed textil a na oble\u010den\u00ed pro voln\u00fd \u010das.P\u00e1nsk\u00e9 mikiny jsou ide\u00e1ln\u00edm oble\u010den\u00edm pro chladn\u011bj\u0161\u00ed obdob\u00ed, je pohodln\u00e9, praktick\u00e9 a na v\u00fdb\u011br m\u00e1te s typ\u016f, kter\u00e9 maj\u00ed kapuci a z t\u011bch,...<p class=\"more-link-wrap\"><a href=\"https:\/\/www.stykr.cz\/mikiny-pro-radu-prilezitosti\/\" class=\"more-link\">P\u0159e\u010d\u00edst<span class=\"screen-reader-text\"> &ldquo;Mikiny pro \u0159adu p\u0159\u00edle\u017eitost\u00ed&rdquo;<\/span> &raquo;<\/a><\/p>","datePublished":"2025-03-07","dateModified":"2025-03-07","author":{"@type":"Person","@id":"https:\/\/www.stykr.cz\/author\/#Person","name":"stykr.cz\n","url":"https:\/\/www.stykr.cz\/author\/","identifier":1,"image":{"@type":"ImageObject","@id":"https:\/\/secure.gravatar.com\/avatar\/4c8347e48acde4b8838164e4b1c9b1c2409c44aff1922a8b9d7dd631b9ae52bb?s=96&d=mm&r=g","url":"https:\/\/secure.gravatar.com\/avatar\/4c8347e48acde4b8838164e4b1c9b1c2409c44aff1922a8b9d7dd631b9ae52bb?s=96&d=mm&r=g","height":96,"width":96}},"publisher":{"@type":"Organization","name":"stykr.cz","logo":{"@type":"ImageObject","@id":"\/logo.png","url":"\/logo.png","width":600,"height":60}},"url":"https:\/\/www.stykr.cz\/mikiny-pro-radu-prilezitosti\/","wordCount":198,"articleBody":"Nav\u0161tivte nab\u00eddku oble\u010den\u00ed pro mu\u017ee, konkr\u00e9tn\u011b tedy p\u00e1nsk\u00e9 mikiny, od jednoho z nejv\u011bt\u0161\u00edch v\u00fdrobc\u016f a distributor\u016f v \u010cesk\u00e9 republice, kter\u00fd je zam\u011b\u0159en\u00fd na firemn\u00ed a reklamn\u00ed textil a na oble\u010den\u00ed pro voln\u00fd \u010das.P\u00e1nsk\u00e9 mikiny jsou ide\u00e1ln\u00edm oble\u010den\u00edm pro chladn\u011bj\u0161\u00ed obdob\u00ed, je pohodln\u00e9, praktick\u00e9 a na v\u00fdb\u011br m\u00e1te s typ\u016f, kter\u00e9 maj\u00ed kapuci a z t\u011bch, kter\u00e9 kapuci nemaj\u00ed. Nav\u0161tivte na\u0161e internetov\u00e9 str\u00e1nky a projd\u011bte si celou nab\u00eddku, kde naleznete toto oble\u010den\u00ed v n\u011bkolika r\u016fzn\u00fdch barevn\u00fdch proveden\u00edch. Od klasick\u00e9 \u010dern\u00e9, modr\u00e9 \u010di zelen\u00e9, a\u017e k barv\u00e1m sp\u00ed\u0161e neobvykl\u00fdm pro p\u00e1nsk\u00e9 oble\u010den\u00ed, ale velice slu\u0161iv\u00fdm a to \u017elut\u00e9, oran\u017eov\u00e9 a \u010derven\u00e9. Vyr\u00e1b\u00edme a nab\u00edz\u00edme oble\u010den\u00ed t\u00e9 nejlep\u0161\u00ed kvality a zakl\u00e1d\u00e1me si na maxim\u00e1ln\u00ed spokojenosti na\u0161ich klient\u016f.Vyberte si velikostP\u00e1nsk\u00e9 mikiny jsou nab\u00edzeny v n\u011bkolika r\u016fzn\u00fdch velikostech. Vyberte si velikost, kter\u00e1 je ta prav\u00e1 pro V\u00e1s nebo pro toho, komu zbo\u017e\u00ed budete objedn\u00e1vat.                                                                                                                                                                                                                                                                                                                                                                                                "},{"@context":"https:\/\/schema.org\/","@type":"BreadcrumbList","itemListElement":[{"@type":"ListItem","position":1,"name":"Mikiny pro \u0159adu p\u0159\u00edle\u017eitost\u00ed","item":"https:\/\/www.stykr.cz\/mikiny-pro-radu-prilezitosti\/#breadcrumbitem"}]}]