{"@context":"https:\/\/schema.org\/","@type":"CollectionPage","@id":"https:\/\/www.stykr.cz\/domov\/#CollectionPage","headline":"Domov Category","description":"","url":"https:\/\/www.stykr.cz\/domov\/","hasPart":[{"@type":"Article","@id":"https:\/\/www.stykr.cz\/osvezovac-vzduchu-ktery-jen-tak-nevyprcha\/","headline":"Osv\u011b\u017eova\u010d vzduchu, kter\u00fd jen tak nevyprch\u00e1","url":"https:\/\/www.stykr.cz\/osvezovac-vzduchu-ktery-jen-tak-nevyprcha\/","datePublished":"2025-03-03","dateModified":"2023-05-04","mainEntityOfPage":"https:\/\/www.stykr.cz\/osvezovac-vzduchu-ktery-jen-tak-nevyprcha\/","author":{"@type":"Person","@id":"https:\/\/www.stykr.cz\/author\/#Person","name":"stykr.cz\n","url":"https:\/\/www.stykr.cz\/author\/","identifier":1,"image":{"@type":"ImageObject","@id":"https:\/\/secure.gravatar.com\/avatar\/4c8347e48acde4b8838164e4b1c9b1c2409c44aff1922a8b9d7dd631b9ae52bb?s=96&d=mm&r=g","url":"https:\/\/secure.gravatar.com\/avatar\/4c8347e48acde4b8838164e4b1c9b1c2409c44aff1922a8b9d7dd631b9ae52bb?s=96&d=mm&r=g","height":96,"width":96}},"publisher":{"@type":"Organization","name":"stykr.cz","logo":{"@type":"ImageObject","@id":"\/logo.png","url":"\/logo.png","width":600,"height":60}},"image":{"@type":"ImageObject","@id":"https:\/\/www.stykr.cz\/wp-content\/uploads\/img_a307480_w2194_t1518726332.jpg","url":"https:\/\/www.stykr.cz\/wp-content\/uploads\/img_a307480_w2194_t1518726332.jpg","height":0,"width":0},"keywords":null},{"@type":"Article","@id":"https:\/\/www.stykr.cz\/posadte-se-u-nas\/","headline":"Posa\u010fte se u n\u00e1s","url":"https:\/\/www.stykr.cz\/posadte-se-u-nas\/","datePublished":"2025-03-03","dateModified":"2023-05-04","mainEntityOfPage":"https:\/\/www.stykr.cz\/posadte-se-u-nas\/","author":{"@type":"Person","@id":"https:\/\/www.stykr.cz\/author\/#Person","name":"stykr.cz\n","url":"https:\/\/www.stykr.cz\/author\/","identifier":1,"image":{"@type":"ImageObject","@id":"https:\/\/secure.gravatar.com\/avatar\/4c8347e48acde4b8838164e4b1c9b1c2409c44aff1922a8b9d7dd631b9ae52bb?s=96&d=mm&r=g","url":"https:\/\/secure.gravatar.com\/avatar\/4c8347e48acde4b8838164e4b1c9b1c2409c44aff1922a8b9d7dd631b9ae52bb?s=96&d=mm&r=g","height":96,"width":96}},"publisher":{"@type":"Organization","name":"stykr.cz","logo":{"@type":"ImageObject","@id":"\/logo.png","url":"\/logo.png","width":600,"height":60}},"image":{"@type":"ImageObject","@id":"https:\/\/www.stykr.cz\/wp-content\/uploads\/img_a289639_w2194_t1501093029.jpg","url":"https:\/\/www.stykr.cz\/wp-content\/uploads\/img_a289639_w2194_t1501093029.jpg","height":0,"width":0},"keywords":null},{"@type":"Article","@id":"https:\/\/www.stykr.cz\/pokojove-rostliny-vs-kaktusy\/","headline":"Pokojov\u00e9 rostliny vs. kaktusy","url":"https:\/\/www.stykr.cz\/pokojove-rostliny-vs-kaktusy\/","datePublished":"2025-03-02","dateModified":"2023-05-04","mainEntityOfPage":"https:\/\/www.stykr.cz\/pokojove-rostliny-vs-kaktusy\/","author":{"@type":"Person","@id":"https:\/\/www.stykr.cz\/author\/#Person","name":"stykr.cz\n","url":"https:\/\/www.stykr.cz\/author\/","identifier":1,"image":{"@type":"ImageObject","@id":"https:\/\/secure.gravatar.com\/avatar\/4c8347e48acde4b8838164e4b1c9b1c2409c44aff1922a8b9d7dd631b9ae52bb?s=96&d=mm&r=g","url":"https:\/\/secure.gravatar.com\/avatar\/4c8347e48acde4b8838164e4b1c9b1c2409c44aff1922a8b9d7dd631b9ae52bb?s=96&d=mm&r=g","height":96,"width":96}},"publisher":{"@type":"Organization","name":"stykr.cz","logo":{"@type":"ImageObject","@id":"\/logo.png","url":"\/logo.png","width":600,"height":60}},"image":{"@type":"ImageObject","@id":"https:\/\/www.stykr.cz\/wp-content\/uploads\/img_a290809_w2194_t1503582833.jpg","url":"https:\/\/www.stykr.cz\/wp-content\/uploads\/img_a290809_w2194_t1503582833.jpg","height":0,"width":0},"keywords":null},{"@type":"Article","@id":"https:\/\/www.stykr.cz\/organizace-potravinove-skrine\/","headline":"Organizace potravinov\u00e9 sk\u0159\u00edn\u011b","url":"https:\/\/www.stykr.cz\/organizace-potravinove-skrine\/","datePublished":"2025-02-27","dateModified":"2023-05-04","mainEntityOfPage":"https:\/\/www.stykr.cz\/organizace-potravinove-skrine\/","author":{"@type":"Person","@id":"https:\/\/www.stykr.cz\/author\/#Person","name":"stykr.cz\n","url":"https:\/\/www.stykr.cz\/author\/","identifier":1,"image":{"@type":"ImageObject","@id":"https:\/\/secure.gravatar.com\/avatar\/4c8347e48acde4b8838164e4b1c9b1c2409c44aff1922a8b9d7dd631b9ae52bb?s=96&d=mm&r=g","url":"https:\/\/secure.gravatar.com\/avatar\/4c8347e48acde4b8838164e4b1c9b1c2409c44aff1922a8b9d7dd631b9ae52bb?s=96&d=mm&r=g","height":96,"width":96}},"publisher":{"@type":"Organization","name":"stykr.cz","logo":{"@type":"ImageObject","@id":"\/logo.png","url":"\/logo.png","width":600,"height":60}},"image":{"@type":"ImageObject","@id":"https:\/\/www.stykr.cz\/wp-content\/uploads\/img_a338052_w2194_t1550855423.jpg","url":"https:\/\/www.stykr.cz\/wp-content\/uploads\/img_a338052_w2194_t1550855423.jpg","height":0,"width":0},"keywords":null},{"@type":"Article","@id":"https:\/\/www.stykr.cz\/myty-spojene-s-refinancovanim-hypoteky\/","headline":"M\u00fdty spojen\u00e9 s refinancov\u00e1n\u00edm hypot\u00e9ky","url":"https:\/\/www.stykr.cz\/myty-spojene-s-refinancovanim-hypoteky\/","datePublished":"2021-02-18","dateModified":"2023-05-04","mainEntityOfPage":"https:\/\/www.stykr.cz\/myty-spojene-s-refinancovanim-hypoteky\/","author":{"@type":"Person","@id":"https:\/\/www.stykr.cz\/author\/#Person","name":"stykr.cz\n","url":"https:\/\/www.stykr.cz\/author\/","identifier":1,"image":{"@type":"ImageObject","@id":"https:\/\/secure.gravatar.com\/avatar\/4c8347e48acde4b8838164e4b1c9b1c2409c44aff1922a8b9d7dd631b9ae52bb?s=96&d=mm&r=g","url":"https:\/\/secure.gravatar.com\/avatar\/4c8347e48acde4b8838164e4b1c9b1c2409c44aff1922a8b9d7dd631b9ae52bb?s=96&d=mm&r=g","height":96,"width":96}},"publisher":{"@type":"Organization","name":"stykr.cz","logo":{"@type":"ImageObject","@id":"\/logo.png","url":"\/logo.png","width":600,"height":60}},"image":{"@type":"ImageObject","@id":"https:\/\/www.stykr.cz\/wp-content\/uploads\/pot%C5%99esen%C3%AD%20rukou_7.jpg","url":"https:\/\/www.stykr.cz\/wp-content\/uploads\/pot%C5%99esen%C3%AD%20rukou_7.jpg","height":0,"width":0},"keywords":null},{"@type":"Article","@id":"https:\/\/www.stykr.cz\/co-znamena-bydleni-v-mobilni-drevostavbe\/","headline":"Co znamen\u00e1 bydlen\u00ed v mobiln\u00ed d\u0159evostavb\u011b","url":"https:\/\/www.stykr.cz\/co-znamena-bydleni-v-mobilni-drevostavbe\/","datePublished":"2020-09-16","dateModified":"2023-05-04","mainEntityOfPage":"https:\/\/www.stykr.cz\/co-znamena-bydleni-v-mobilni-drevostavbe\/","author":{"@type":"Person","@id":"https:\/\/www.stykr.cz\/author\/#Person","name":"stykr.cz\n","url":"https:\/\/www.stykr.cz\/author\/","identifier":1,"image":{"@type":"ImageObject","@id":"https:\/\/secure.gravatar.com\/avatar\/4c8347e48acde4b8838164e4b1c9b1c2409c44aff1922a8b9d7dd631b9ae52bb?s=96&d=mm&r=g","url":"https:\/\/secure.gravatar.com\/avatar\/4c8347e48acde4b8838164e4b1c9b1c2409c44aff1922a8b9d7dd631b9ae52bb?s=96&d=mm&r=g","height":96,"width":96}},"publisher":{"@type":"Organization","name":"stykr.cz","logo":{"@type":"ImageObject","@id":"\/logo.png","url":"\/logo.png","width":600,"height":60}},"image":{"@type":"ImageObject","@id":"https:\/\/www.stykr.cz\/wp-content\/uploads\/slune%C4%8Dnice%20u%20plotu.PNG","url":"https:\/\/www.stykr.cz\/wp-content\/uploads\/slune%C4%8Dnice%20u%20plotu.PNG","height":0,"width":0},"keywords":null},{"@type":"Article","@id":"https:\/\/www.stykr.cz\/proc-si-koupit-pergolu-z-hliniku\/","headline":"Pro\u010d si koupit pergolu z hlin\u00edku?","url":"https:\/\/www.stykr.cz\/proc-si-koupit-pergolu-z-hliniku\/","datePublished":"2019-02-09","dateModified":"2023-05-04","mainEntityOfPage":"https:\/\/www.stykr.cz\/proc-si-koupit-pergolu-z-hliniku\/","author":{"@type":"Person","@id":"https:\/\/www.stykr.cz\/author\/#Person","name":"stykr.cz\n","url":"https:\/\/www.stykr.cz\/author\/","identifier":1,"image":{"@type":"ImageObject","@id":"https:\/\/secure.gravatar.com\/avatar\/4c8347e48acde4b8838164e4b1c9b1c2409c44aff1922a8b9d7dd631b9ae52bb?s=96&d=mm&r=g","url":"https:\/\/secure.gravatar.com\/avatar\/4c8347e48acde4b8838164e4b1c9b1c2409c44aff1922a8b9d7dd631b9ae52bb?s=96&d=mm&r=g","height":96,"width":96}},"publisher":{"@type":"Organization","name":"stykr.cz","logo":{"@type":"ImageObject","@id":"\/logo.png","url":"\/logo.png","width":600,"height":60}},"image":{"@type":"ImageObject","@id":"https:\/\/www.stykr.cz\/wp-content\/uploads\/img_a338362_w1697_t1551103968.jpg","url":"https:\/\/www.stykr.cz\/wp-content\/uploads\/img_a338362_w1697_t1551103968.jpg","height":0,"width":0},"keywords":null},{"@type":"Article","@id":"https:\/\/www.stykr.cz\/levne-a-pritom-komfortni\/","headline":"Levn\u00e9 a p\u0159itom komfortn\u00ed","url":"https:\/\/www.stykr.cz\/levne-a-pritom-komfortni\/","datePublished":"2018-12-18","dateModified":"2023-05-04","mainEntityOfPage":"https:\/\/www.stykr.cz\/levne-a-pritom-komfortni\/","author":{"@type":"Person","@id":"https:\/\/www.stykr.cz\/author\/#Person","name":"stykr.cz\n","url":"https:\/\/www.stykr.cz\/author\/","identifier":1,"image":{"@type":"ImageObject","@id":"https:\/\/secure.gravatar.com\/avatar\/4c8347e48acde4b8838164e4b1c9b1c2409c44aff1922a8b9d7dd631b9ae52bb?s=96&d=mm&r=g","url":"https:\/\/secure.gravatar.com\/avatar\/4c8347e48acde4b8838164e4b1c9b1c2409c44aff1922a8b9d7dd631b9ae52bb?s=96&d=mm&r=g","height":96,"width":96}},"publisher":{"@type":"Organization","name":"stykr.cz","logo":{"@type":"ImageObject","@id":"\/logo.png","url":"\/logo.png","width":600,"height":60}},"image":{"@type":"ImageObject","@id":"https:\/\/www.stykr.cz\/wp-content\/uploads\/img_a332026_w2194_t1544611333.jpg","url":"https:\/\/www.stykr.cz\/wp-content\/uploads\/img_a332026_w2194_t1544611333.jpg","height":0,"width":0},"keywords":null}]}