[{"@context":"https:\/\/schema.org\/","@type":"Article","@id":"https:\/\/www.stykr.cz\/aby-vam-zatepleni-fasady-nespadlo-na-hlavu\/#Article","mainEntityOfPage":"https:\/\/www.stykr.cz\/aby-vam-zatepleni-fasady-nespadlo-na-hlavu\/","headline":"Aby v\u00e1m zateplen\u00ed fas\u00e1dy nespadlo na hlavu","name":"Aby v\u00e1m zateplen\u00ed fas\u00e1dy nespadlo na hlavu","description":"Zateplov\u00e1n\u00ed fas\u00e1dy rodinn\u00fdch \u010di bytov\u00fdch dom\u016f, rekrea\u010dn\u00edch nemovitost\u00ed a dal\u0161\u00edch objekt\u016f je pracovn\u00ed \u010dinnost, kter\u00e1 m\u016f\u017ee ve fin\u00e1le p\u0159in\u00e9st zna\u010dn\u00e9 finan\u010dn\u00ed \u00faspory za vyt\u00e1p\u011bn\u00ed. Na\u010d utr\u00e1cet zbyte\u010dn\u00e9 pen\u00edze za topen\u00ed, kdy\u017e to nen\u00ed nutn\u00e9? Jestli\u017ee se rozhodnete pro obklad fas\u00e1dy nap\u0159\u00edklad fas\u00e1dn\u00edm polystyrenem, a chcete pr\u00e1ci prov\u00e1d\u011bt sv\u00e9pomoc\u00ed, pak krom\u011b pot\u0159ebn\u00e9ho materi\u00e1lu, n\u00e1\u0159ad\u00ed a pracovn\u00edch...<p class=\"more-link-wrap\"><a href=\"https:\/\/www.stykr.cz\/aby-vam-zatepleni-fasady-nespadlo-na-hlavu\/\" class=\"more-link\">P\u0159e\u010d\u00edst<span class=\"screen-reader-text\"> &ldquo;Aby v\u00e1m zateplen\u00ed fas\u00e1dy nespadlo na hlavu&rdquo;<\/span> &raquo;<\/a><\/p>","datePublished":"2025-06-05","dateModified":"2025-06-05","author":{"@type":"Person","@id":"https:\/\/www.stykr.cz\/author\/#Person","name":"stykr.cz\n","url":"https:\/\/www.stykr.cz\/author\/","identifier":1,"image":{"@type":"ImageObject","@id":"https:\/\/secure.gravatar.com\/avatar\/4c8347e48acde4b8838164e4b1c9b1c2409c44aff1922a8b9d7dd631b9ae52bb?s=96&d=mm&r=g","url":"https:\/\/secure.gravatar.com\/avatar\/4c8347e48acde4b8838164e4b1c9b1c2409c44aff1922a8b9d7dd631b9ae52bb?s=96&d=mm&r=g","height":96,"width":96}},"publisher":{"@type":"Organization","name":"stykr.cz","logo":{"@type":"ImageObject","@id":"\/logo.png","url":"\/logo.png","width":600,"height":60}},"image":{"@type":"ImageObject","@id":"https:\/\/www.stykr.cz\/wp-content\/uploads\/scaffolding-7037579_640_10_10_1.jpg","url":"https:\/\/www.stykr.cz\/wp-content\/uploads\/scaffolding-7037579_640_10_10_1.jpg","height":0,"width":0},"url":"https:\/\/www.stykr.cz\/aby-vam-zatepleni-fasady-nespadlo-na-hlavu\/","about":["Podnik\u00e1n\u00ed"],"wordCount":405,"articleBody":"      Zateplov\u00e1n\u00ed fas\u00e1dy rodinn\u00fdch \u010di bytov\u00fdch dom\u016f, rekrea\u010dn\u00edch nemovitost\u00ed a dal\u0161\u00edch objekt\u016f je pracovn\u00ed \u010dinnost, kter\u00e1 m\u016f\u017ee ve fin\u00e1le p\u0159in\u00e9st zna\u010dn\u00e9 finan\u010dn\u00ed \u00faspory za vyt\u00e1p\u011bn\u00ed. Na\u010d utr\u00e1cet zbyte\u010dn\u00e9 pen\u00edze za topen\u00ed, kdy\u017e to nen\u00ed nutn\u00e9? Jestli\u017ee se rozhodnete pro obklad fas\u00e1dy nap\u0159\u00edklad fas\u00e1dn\u00edm polystyrenem, a chcete pr\u00e1ci prov\u00e1d\u011bt sv\u00e9pomoc\u00ed, pak krom\u011b pot\u0159ebn\u00e9ho materi\u00e1lu, n\u00e1\u0159ad\u00ed a pracovn\u00edch pom\u016fcek bude zapot\u0159eb\u00ed rozhodnout o vhodn\u00e9 kotvic\u00ed technologii. Na kotven\u00ed polystyrenu do fas\u00e1dy toti\u017e velmi z\u00e1le\u017e\u00ed, je to vlastn\u011b to nejd\u016fle\u017eit\u011bj\u0161\u00ed z cel\u00e9ho pracovn\u00edho procesu. Kotven\u00ed mus\u00ed b\u00fdt za prv\u00e9 bez tepeln\u00fdch most\u016f a za druh\u00e9 mus\u00ed odol\u00e1vat pov\u011btrnostn\u00edm vliv\u016fm a mechanick\u00e9 z\u00e1t\u011b\u017ei. Spr\u00e1vnou volbou kotv\u00edc\u00edho syst\u00e9mu pro kotven\u00ed bez tepeln\u00fdch most\u016f spiralanksys.com se vyhnete zbyte\u010dn\u00fdm komplikac\u00edm a probl\u00e9m\u016fm a usnadn\u00ed v\u00e1m to i p\u0159\u00edpadnou \u00fadr\u017ebu. A \u017ee zateplov\u00e1n\u00ed fas\u00e1d nemus\u00ed skon\u010dit happyendem, o tom se snadno p\u0159esv\u011bd\u010d\u00edte na Internetu na zve\u0159ejn\u011bn\u00fdch fotografi\u00edch n\u011bkter\u00fdch staveb, kter\u00e9 jsou sp\u00ed\u0161e k pl\u00e1\u010di, ne\u017e d\u016fvodem k radosti a spokojenosti. R\u00e1di bychom v\u00e1m nyn\u00ed nab\u00eddli mo\u017enost vyu\u017e\u00edt injekt\u00e1\u017en\u00edch kotev Spiral Anksys, patentov\u011b chr\u00e1n\u011bn\u00e9 technologie, kter\u00e1 se ji\u017e v minulosti osv\u011bd\u010dila na r\u016fzn\u00fdch typech staveb i na odli\u0161n\u00fdch zp\u016fsobech vyu\u017eit\u00ed. Injekt\u00e1\u017en\u00ed kotva Spiral Anksys je dut\u00fd ocelov\u00fd v\u00e1le\u010dek. Docela primitivn\u00ed technologie, ov\u0161em takov\u00e9 zd\u00e1n\u00ed je klamn\u00e9, sami se m\u016f\u017eete p\u0159esv\u011bd\u010dit o tom, \u017ee tomu tak nen\u00ed. V\u00e1le\u010dek je toti\u017e zhotoven ze s\u00ed\u0165ovan\u00e9ho plechu a pr\u00e1v\u011b s\u00ed\u0165 m\u00e1 kl\u00ed\u010dov\u00fd v\u00fdznam v kotven\u00ed jak\u00fdchkoli prvk\u016f do libovoln\u00e9ho materi\u00e1lu. Jakmile se kotva vlo\u017e\u00ed do p\u0159edvrtan\u00e9ho otvoru a vypln\u00ed se mont\u00e1\u017en\u00ed p\u011bnou, ta prostoup\u00ed skrze otvory v s\u00edti, obepne ji a doslova ji p\u0159ilep\u00ed k cihle, tv\u00e1rnici nebo OSB desce. Vznikl\u00fd spoj v\u00e1m m\u016f\u017ee p\u0159ipom\u00ednat armov\u00e1n\u00ed betonu ocelov\u00fdm pletivem, kdy beton tak\u00e9 perfektn\u011b obepne ocelov\u00fd dr\u00e1t a vytvo\u0159\u00ed velice kompaktn\u00ed spoj.                                                                                                                                                                                                                                                                                                                                                                                                  "},{"@context":"https:\/\/schema.org\/","@type":"BreadcrumbList","itemListElement":[{"@type":"ListItem","position":1,"name":"Aby v\u00e1m zateplen\u00ed fas\u00e1dy nespadlo na hlavu","item":"https:\/\/www.stykr.cz\/aby-vam-zatepleni-fasady-nespadlo-na-hlavu\/#breadcrumbitem"}]}]